{"id":14645,"date":"2026-07-16T20:18:55","date_gmt":"2026-07-16T20:18:55","guid":{"rendered":"https:\/\/ahm-honduras.com\/?p=14645"},"modified":"2026-07-16T20:18:55","modified_gmt":"2026-07-16T20:18:55","slug":"ahm-y-procinco-abordan-la-salud-mental-en-el-segundo-episodio-de-proactivos","status":"publish","type":"post","link":"https:\/\/ahm-honduras.com\/?p=14645","title":{"rendered":"AHM Y PROCINCO ABORDAN LA SALUD MENTAL EN EL SEGUNDO EPISODIO DE \u201cPROACTIVOS\u201d"},"content":{"rendered":"<p>Bajo el t\u00edtulo \u201cHablemos de salud mental\u201d, la Asociaci\u00f3n Hondure\u00f1a de Maquiladores (AHM), a trav\u00e9s de su programa PROCINCO, present\u00f3 el segundo episodio de \u201cProActivos\u201d, un podcast orientado a compartir conocimientos y experiencias que contribuyan al desarrollo integral del talento humano.<\/p>\n<p>El episodio se desarroll\u00f3 el martes 14 de julio y abord\u00f3 la importancia de comprender, cuidar y promover el bienestar emocional dentro de los equipos de trabajo y las organizaciones.<br \/>\nLa conversaci\u00f3n cont\u00f3 con la participaci\u00f3n del Lic. Oswaldo Rodr\u00edguez, maestrante en Psicolog\u00eda Cl\u00ednica y Terapia Infanto-Juvenil, especialista en Investigaci\u00f3n Social y con un diplomado en Problemas Pedag\u00f3gicos Contempor\u00e1neos. Como moderadoras participaron la Lic. Joseet Ord\u00f3\u00f1ez y la Ing. Denia Ortega, por parte de la AHM.<\/p>\n<p>A trav\u00e9s de un di\u00e1logo informativo y cercano, este nuevo episodio busc\u00f3 contribuir a la reducci\u00f3n del estigma relacionado con la salud mental y fomentar una cultura de comprensi\u00f3n, prevenci\u00f3n y cuidado emocional.<br \/>\nAHM y PROCINCO contin\u00faan fortaleciendo \u201cProActivos\u201d como un espacio de aprendizaje y conversaci\u00f3n sobre temas que impactan el bienestar, el desarrollo de las personas y la productividad de las organizaciones.<\/p>\n","protected":false},"excerpt":{"rendered":"<p>Bajo el t\u00edtulo \u201cHablemos de salud mental\u201d, la Asociaci\u00f3n Hondure\u00f1a de Maquiladores (AHM), a trav\u00e9s de su programa PROCINCO, present\u00f3 el segundo episodio de \u201cProActivos\u201d, un podcast orientado a compartir conocimientos y experiencias que contribuyan al desarrollo integral del talento humano. El episodio se desarroll\u00f3 el martes 14 de julio y abord\u00f3 la importancia de&#8230; <a class=\"read-more\" href=\"https:\/\/ahm-honduras.com\/?p=14645\"> READ MORE<\/a><\/p>\n","protected":false},"author":5,"featured_media":14646,"comment_status":"open","ping_status":"open","sticky":false,"template":"","format":"gallery","meta":{"inline_featured_image":false,"footnotes":""},"categories":[92,40,1],"tags":[],"class_list":["post-14645","post","type-post","status-publish","format-gallery","has-post-thumbnail","hentry","category-capacitacion","category-salud","category-sin-categoria","post_format-post-format-gallery"],"aioseo_notices":[],"aioseo_head":"\n\t\t<!-- All in One SEO 5.0.0.1 - aioseo.com -->\n\t<meta name=\"robots\" content=\"noarchive, noodp, notranslate, max-snippet:40, max-image-preview:large, max-video-preview:15\" \/>\n\t<meta name=\"author\" content=\"Am\u00e9rico Hern\u00e1ndez\"\/>\n\t<meta name=\"google-site-verification\" content=\"G-D69DD7P3L8\" \/>\n\t<meta name=\"keywords\" content=\"capacitaci\u00f3n,salud,sin categor\u00eda\" \/>\n\t<link rel=\"canonical\" href=\"https:\/\/ahm-honduras.com\/?p=14645\" \/>\n\t<meta name=\"generator\" content=\"All in One SEO (AIOSEO) 5.0.0.1\" \/>\n\t\t<meta property=\"og:locale\" content=\"es_ES\" \/>\n\t\t<meta property=\"og:site_name\" content=\"Asociaci\u00f3n Hondure\u00f1a de Maquiladores | Impulsando el desarrollo del pa\u00eds\" \/>\n\t\t<meta property=\"og:type\" content=\"article\" \/>\n\t\t<meta property=\"og:title\" content=\"AHM Y PROCINCO ABORDAN LA SALUD MENTAL EN EL SEGUNDO EPISODIO DE \u201cPROACTIVOS\u201d | Asociaci\u00f3n Hondure\u00f1a de Maquiladores\" \/>\n\t\t<meta property=\"og:url\" content=\"https:\/\/ahm-honduras.com\/?p=14645\" \/>\n\t\t<meta property=\"fb:admins\" content=\"567105135\" \/>\n\t\t<meta property=\"og:image\" content=\"https:\/\/ahm-honduras.com\/wp-content\/uploads\/2026\/07\/ProActivos1-scaled.png\" \/>\n\t\t<meta property=\"og:image:secure_url\" content=\"https:\/\/ahm-honduras.com\/wp-content\/uploads\/2026\/07\/ProActivos1-scaled.png\" \/>\n\t\t<meta property=\"og:image:width\" content=\"2560\" \/>\n\t\t<meta property=\"og:image:height\" content=\"1441\" \/>\n\t\t<meta property=\"article:published_time\" content=\"2026-07-16T20:18:55+00:00\" \/>\n\t\t<meta property=\"article:modified_time\" content=\"2026-07-16T20:18:55+00:00\" \/>\n\t\t<meta property=\"article:publisher\" content=\"https:\/\/facebook.com\/ahmaquiladores\" \/>\n\t\t<meta name=\"twitter:card\" content=\"summary\" \/>\n\t\t<meta name=\"twitter:site\" content=\"@ahmaquiladores\" \/>\n\t\t<meta name=\"twitter:title\" content=\"AHM Y PROCINCO ABORDAN LA SALUD MENTAL EN EL SEGUNDO EPISODIO DE \u201cPROACTIVOS\u201d | Asociaci\u00f3n Hondure\u00f1a de Maquiladores\" \/>\n\t\t<meta name=\"twitter:image\" content=\"https:\/\/ahm-honduras.com\/wp-content\/uploads\/2026\/07\/ProActivos1-scaled.png\" \/>\n\t\t<script type=\"application\/ld+json\" class=\"aioseo-schema\">\n\t\t\t{\"@context\":\"https:\\\/\\\/schema.org\",\"@graph\":[{\"@type\":\"Article\",\"@id\":\"https:\\\/\\\/ahm-honduras.com\\\/?p=14645#article\",\"name\":\"AHM Y PROCINCO ABORDAN LA SALUD MENTAL EN EL SEGUNDO EPISODIO DE \\u201cPROACTIVOS\\u201d | Asociaci\\u00f3n Hondure\\u00f1a de Maquiladores\",\"headline\":\"AHM Y PROCINCO ABORDAN LA SALUD MENTAL EN EL SEGUNDO EPISODIO DE \\u201cPROACTIVOS\\u201d\",\"author\":{\"@id\":\"https:\\\/\\\/ahm-honduras.com\\\/?author=5#author\"},\"publisher\":{\"@id\":\"https:\\\/\\\/ahm-honduras.com\\\/#organization\"},\"image\":{\"@type\":\"ImageObject\",\"url\":\"https:\\\/\\\/ahm-honduras.com\\\/wp-content\\\/uploads\\\/2026\\\/07\\\/ProActivos1-scaled.png\",\"width\":2560,\"height\":1441},\"datePublished\":\"2026-07-16T20:18:55+00:00\",\"dateModified\":\"2026-07-16T20:18:55+00:00\",\"inLanguage\":\"es-ES\",\"mainEntityOfPage\":{\"@id\":\"https:\\\/\\\/ahm-honduras.com\\\/?p=14645#webpage\"},\"isPartOf\":{\"@id\":\"https:\\\/\\\/ahm-honduras.com\\\/?p=14645#webpage\"},\"articleSection\":\"Capacitaci\\u00f3n, Salud, Sin categor\\u00eda, Galer\\u00eda\"},{\"@type\":\"BreadcrumbList\",\"@id\":\"https:\\\/\\\/ahm-honduras.com\\\/?p=14645#breadcrumblist\",\"itemListElement\":[{\"@type\":\"ListItem\",\"@id\":\"https:\\\/\\\/ahm-honduras.com#listItem\",\"position\":1,\"name\":\"Home\",\"item\":\"https:\\\/\\\/ahm-honduras.com\",\"nextItem\":{\"@type\":\"ListItem\",\"@id\":\"https:\\\/\\\/ahm-honduras.com\\\/?cat=1#listItem\",\"name\":\"Sin categor\\u00eda\"}},{\"@type\":\"ListItem\",\"@id\":\"https:\\\/\\\/ahm-honduras.com\\\/?cat=1#listItem\",\"position\":2,\"name\":\"Sin categor\\u00eda\",\"item\":\"https:\\\/\\\/ahm-honduras.com\\\/?cat=1\",\"nextItem\":{\"@type\":\"ListItem\",\"@id\":\"https:\\\/\\\/ahm-honduras.com\\\/?p=14645#listItem\",\"name\":\"AHM Y PROCINCO ABORDAN LA SALUD MENTAL EN EL SEGUNDO EPISODIO DE \\u201cPROACTIVOS\\u201d\"},\"previousItem\":{\"@type\":\"ListItem\",\"@id\":\"https:\\\/\\\/ahm-honduras.com#listItem\",\"name\":\"Home\"}},{\"@type\":\"ListItem\",\"@id\":\"https:\\\/\\\/ahm-honduras.com\\\/?p=14645#listItem\",\"position\":3,\"name\":\"AHM Y PROCINCO ABORDAN LA SALUD MENTAL EN EL SEGUNDO EPISODIO DE \\u201cPROACTIVOS\\u201d\",\"previousItem\":{\"@type\":\"ListItem\",\"@id\":\"https:\\\/\\\/ahm-honduras.com\\\/?cat=1#listItem\",\"name\":\"Sin categor\\u00eda\"}}]},{\"@type\":\"Organization\",\"@id\":\"https:\\\/\\\/ahm-honduras.com\\\/#organization\",\"name\":\"Asociaci\\u00f3n Hondure\\u00f1a de Maquiladores\",\"description\":\"Impulsando el desarrollo del pa\\u00eds\",\"url\":\"https:\\\/\\\/ahm-honduras.com\\\/\",\"telephone\":\"+50425169100\",\"logo\":{\"@type\":\"ImageObject\",\"url\":\"https:\\\/\\\/ahm-honduras.com\\\/wp-content\\\/uploads\\\/2021\\\/09\\\/37663833_1823894340979890_491269667965370368_n.png\",\"@id\":\"https:\\\/\\\/ahm-honduras.com\\\/?p=14645\\\/#organizationLogo\",\"width\":400,\"height\":400},\"image\":{\"@id\":\"https:\\\/\\\/ahm-honduras.com\\\/?p=14645\\\/#organizationLogo\"},\"sameAs\":[\"https:\\\/\\\/instagram.com\\\/ahmaquiladores\",\"https:\\\/\\\/www.tiktok.com\\\/@ahmaquiladores\",\"https:\\\/\\\/www.youtube.com\\\/ahmaquiladores\",\"https:\\\/\\\/www.linkedin.com\\\/company\\\/AHMaquiladores\"]},{\"@type\":\"Person\",\"@id\":\"https:\\\/\\\/ahm-honduras.com\\\/?author=5#author\",\"url\":\"https:\\\/\\\/ahm-honduras.com\\\/?author=5\",\"name\":\"Am\\u00e9rico Hern\\u00e1ndez\"},{\"@type\":\"WebPage\",\"@id\":\"https:\\\/\\\/ahm-honduras.com\\\/?p=14645#webpage\",\"url\":\"https:\\\/\\\/ahm-honduras.com\\\/?p=14645\",\"name\":\"AHM Y PROCINCO ABORDAN LA SALUD MENTAL EN EL SEGUNDO EPISODIO DE \\u201cPROACTIVOS\\u201d | Asociaci\\u00f3n Hondure\\u00f1a de Maquiladores\",\"inLanguage\":\"es-ES\",\"isPartOf\":{\"@id\":\"https:\\\/\\\/ahm-honduras.com\\\/#website\"},\"breadcrumb\":{\"@id\":\"https:\\\/\\\/ahm-honduras.com\\\/?p=14645#breadcrumblist\"},\"author\":{\"@id\":\"https:\\\/\\\/ahm-honduras.com\\\/?author=5#author\"},\"creator\":{\"@id\":\"https:\\\/\\\/ahm-honduras.com\\\/?author=5#author\"},\"image\":{\"@type\":\"ImageObject\",\"url\":\"https:\\\/\\\/ahm-honduras.com\\\/wp-content\\\/uploads\\\/2026\\\/07\\\/ProActivos1-scaled.png\",\"@id\":\"https:\\\/\\\/ahm-honduras.com\\\/?p=14645\\\/#mainImage\",\"width\":2560,\"height\":1441},\"primaryImageOfPage\":{\"@id\":\"https:\\\/\\\/ahm-honduras.com\\\/?p=14645#mainImage\"},\"datePublished\":\"2026-07-16T20:18:55+00:00\",\"dateModified\":\"2026-07-16T20:18:55+00:00\"},{\"@type\":\"WebSite\",\"@id\":\"https:\\\/\\\/ahm-honduras.com\\\/#website\",\"url\":\"https:\\\/\\\/ahm-honduras.com\\\/\",\"name\":\"Asociaci\\u00f3n Hondure\\u00f1a de Maquiladores\",\"alternateName\":\"Honduras Manufacturers Association\",\"description\":\"Impulsando el desarrollo del pa\\u00eds\",\"inLanguage\":\"es-ES\",\"publisher\":{\"@id\":\"https:\\\/\\\/ahm-honduras.com\\\/#organization\"}}]}\n\t\t<\/script>\n\t\t<!-- All in One SEO -->\n\n","aioseo_head_json":{"title":"AHM Y PROCINCO ABORDAN LA SALUD MENTAL EN EL SEGUNDO EPISODIO DE \u201cPROACTIVOS\u201d | Asociaci\u00f3n Hondure\u00f1a de Maquiladores","description":"","canonical_url":"https:\/\/ahm-honduras.com\/?p=14645","robots":"noarchive, noodp, notranslate, max-snippet:40, max-image-preview:large, max-video-preview:15","keywords":"capacitaci\u00f3n,salud,sin categor\u00eda","webmasterTools":{"google-site-verification":"G-D69DD7P3L8","miscellaneous":""},"schema":{"@context":"https:\/\/schema.org","@graph":[{"@type":"Article","@id":"https:\/\/ahm-honduras.com\/?p=14645#article","name":"AHM Y PROCINCO ABORDAN LA SALUD MENTAL EN EL SEGUNDO EPISODIO DE \u201cPROACTIVOS\u201d | Asociaci\u00f3n Hondure\u00f1a de Maquiladores","headline":"AHM Y PROCINCO ABORDAN LA SALUD MENTAL EN EL SEGUNDO EPISODIO DE \u201cPROACTIVOS\u201d","author":{"@id":"https:\/\/ahm-honduras.com\/?author=5#author"},"publisher":{"@id":"https:\/\/ahm-honduras.com\/#organization"},"image":{"@type":"ImageObject","url":"https:\/\/ahm-honduras.com\/wp-content\/uploads\/2026\/07\/ProActivos1-scaled.png","width":2560,"height":1441},"datePublished":"2026-07-16T20:18:55+00:00","dateModified":"2026-07-16T20:18:55+00:00","inLanguage":"es-ES","mainEntityOfPage":{"@id":"https:\/\/ahm-honduras.com\/?p=14645#webpage"},"isPartOf":{"@id":"https:\/\/ahm-honduras.com\/?p=14645#webpage"},"articleSection":"Capacitaci\u00f3n, Salud, Sin categor\u00eda, Galer\u00eda"},{"@type":"BreadcrumbList","@id":"https:\/\/ahm-honduras.com\/?p=14645#breadcrumblist","itemListElement":[{"@type":"ListItem","@id":"https:\/\/ahm-honduras.com#listItem","position":1,"name":"Home","item":"https:\/\/ahm-honduras.com","nextItem":{"@type":"ListItem","@id":"https:\/\/ahm-honduras.com\/?cat=1#listItem","name":"Sin categor\u00eda"}},{"@type":"ListItem","@id":"https:\/\/ahm-honduras.com\/?cat=1#listItem","position":2,"name":"Sin categor\u00eda","item":"https:\/\/ahm-honduras.com\/?cat=1","nextItem":{"@type":"ListItem","@id":"https:\/\/ahm-honduras.com\/?p=14645#listItem","name":"AHM Y PROCINCO ABORDAN LA SALUD MENTAL EN EL SEGUNDO EPISODIO DE \u201cPROACTIVOS\u201d"},"previousItem":{"@type":"ListItem","@id":"https:\/\/ahm-honduras.com#listItem","name":"Home"}},{"@type":"ListItem","@id":"https:\/\/ahm-honduras.com\/?p=14645#listItem","position":3,"name":"AHM Y PROCINCO ABORDAN LA SALUD MENTAL EN EL SEGUNDO EPISODIO DE \u201cPROACTIVOS\u201d","previousItem":{"@type":"ListItem","@id":"https:\/\/ahm-honduras.com\/?cat=1#listItem","name":"Sin categor\u00eda"}}]},{"@type":"Organization","@id":"https:\/\/ahm-honduras.com\/#organization","name":"Asociaci\u00f3n Hondure\u00f1a de Maquiladores","description":"Impulsando el desarrollo del pa\u00eds","url":"https:\/\/ahm-honduras.com\/","telephone":"+50425169100","logo":{"@type":"ImageObject","url":"https:\/\/ahm-honduras.com\/wp-content\/uploads\/2021\/09\/37663833_1823894340979890_491269667965370368_n.png","@id":"https:\/\/ahm-honduras.com\/?p=14645\/#organizationLogo","width":400,"height":400},"image":{"@id":"https:\/\/ahm-honduras.com\/?p=14645\/#organizationLogo"},"sameAs":["https:\/\/instagram.com\/ahmaquiladores","https:\/\/www.tiktok.com\/@ahmaquiladores","https:\/\/www.youtube.com\/ahmaquiladores","https:\/\/www.linkedin.com\/company\/AHMaquiladores"]},{"@type":"Person","@id":"https:\/\/ahm-honduras.com\/?author=5#author","url":"https:\/\/ahm-honduras.com\/?author=5","name":"Am\u00e9rico Hern\u00e1ndez"},{"@type":"WebPage","@id":"https:\/\/ahm-honduras.com\/?p=14645#webpage","url":"https:\/\/ahm-honduras.com\/?p=14645","name":"AHM Y PROCINCO ABORDAN LA SALUD MENTAL EN EL SEGUNDO EPISODIO DE \u201cPROACTIVOS\u201d | Asociaci\u00f3n Hondure\u00f1a de Maquiladores","inLanguage":"es-ES","isPartOf":{"@id":"https:\/\/ahm-honduras.com\/#website"},"breadcrumb":{"@id":"https:\/\/ahm-honduras.com\/?p=14645#breadcrumblist"},"author":{"@id":"https:\/\/ahm-honduras.com\/?author=5#author"},"creator":{"@id":"https:\/\/ahm-honduras.com\/?author=5#author"},"image":{"@type":"ImageObject","url":"https:\/\/ahm-honduras.com\/wp-content\/uploads\/2026\/07\/ProActivos1-scaled.png","@id":"https:\/\/ahm-honduras.com\/?p=14645\/#mainImage","width":2560,"height":1441},"primaryImageOfPage":{"@id":"https:\/\/ahm-honduras.com\/?p=14645#mainImage"},"datePublished":"2026-07-16T20:18:55+00:00","dateModified":"2026-07-16T20:18:55+00:00"},{"@type":"WebSite","@id":"https:\/\/ahm-honduras.com\/#website","url":"https:\/\/ahm-honduras.com\/","name":"Asociaci\u00f3n Hondure\u00f1a de Maquiladores","alternateName":"Honduras Manufacturers Association","description":"Impulsando el desarrollo del pa\u00eds","inLanguage":"es-ES","publisher":{"@id":"https:\/\/ahm-honduras.com\/#organization"}}]},"og:locale":"es_ES","og:site_name":"Asociaci\u00f3n Hondure\u00f1a de Maquiladores | Impulsando el desarrollo del pa\u00eds","og:type":"article","og:title":"AHM Y PROCINCO ABORDAN LA SALUD MENTAL EN EL SEGUNDO EPISODIO DE \u201cPROACTIVOS\u201d | Asociaci\u00f3n Hondure\u00f1a de Maquiladores","og:url":"https:\/\/ahm-honduras.com\/?p=14645","fb:admins":"567105135","og:image":"https:\/\/ahm-honduras.com\/wp-content\/uploads\/2026\/07\/ProActivos1-scaled.png","og:image:secure_url":"https:\/\/ahm-honduras.com\/wp-content\/uploads\/2026\/07\/ProActivos1-scaled.png","og:image:width":2560,"og:image:height":1441,"article:published_time":"2026-07-16T20:18:55+00:00","article:modified_time":"2026-07-16T20:18:55+00:00","article:publisher":"https:\/\/facebook.com\/ahmaquiladores","twitter:card":"summary","twitter:site":"@ahmaquiladores","twitter:title":"AHM Y PROCINCO ABORDAN LA SALUD MENTAL EN EL SEGUNDO EPISODIO DE \u201cPROACTIVOS\u201d | Asociaci\u00f3n Hondure\u00f1a de Maquiladores","twitter:image":"https:\/\/ahm-honduras.com\/wp-content\/uploads\/2026\/07\/ProActivos1-scaled.png"},"aioseo_meta_data":{"post_id":"14645","title":null,"description":null,"keywords":null,"keyphrases":{"focus":[],"additional":[]},"primary_term":null,"canonical_url":null,"og_title":null,"og_description":null,"og_object_type":"default","og_image_type":"default","og_image_url":null,"og_image_width":null,"og_image_height":null,"og_image_custom_url":null,"og_image_custom_fields":null,"og_video":"","og_custom_url":null,"og_article_section":null,"og_article_tags":null,"twitter_use_og":false,"twitter_card":"default","twitter_image_type":"default","twitter_image_url":null,"twitter_image_custom_url":null,"twitter_image_custom_fields":null,"twitter_title":null,"twitter_description":null,"schema":{"blockGraphs":[],"customGraphs":[],"default":{"data":{"Article":[],"Course":[],"Dataset":[],"FAQPage":[],"Movie":[],"Person":[],"Product":[],"ProductReview":[],"Car":[],"Recipe":[],"Service":[],"SoftwareApplication":[],"WebPage":[]},"graphName":"Article","isEnabled":true},"graphs":[]},"schema_type":"default","schema_type_options":null,"pillar_content":false,"robots_default":true,"robots_noindex":false,"robots_noarchive":false,"robots_nosnippet":false,"robots_nofollow":false,"robots_noimageindex":false,"robots_noodp":false,"robots_notranslate":false,"robots_max_snippet":"-1","robots_max_videopreview":"-1","robots_max_imagepreview":"large","priority":null,"frequency":"default","local_seo":null,"breadcrumb_settings":null,"limit_modified_date":false,"ai":{"faqs":[],"keyPoints":[],"schemas":[],"titles":[],"descriptions":[],"socialPosts":{"email":[],"linkedin":[],"twitter":[],"facebook":[],"instagram":[]}},"created":"2026-07-16 20:09:26","updated":"2026-08-11 21:54:27","seo_analyzer_scan_date":null,"focus_keyword":null,"additional_keywords":null,"truseo_locale":null},"aioseo_breadcrumb":"<div class=\"aioseo-breadcrumbs\"><span class=\"aioseo-breadcrumb\">\n\t\t\t<a href=\"https:\/\/ahm-honduras.com\" title=\"Home\">Home<\/a>\n\t\t<\/span><span class=\"aioseo-breadcrumb-separator\">\u00bb<\/span><span class=\"aioseo-breadcrumb\">\n\t\t\t<a href=\"https:\/\/ahm-honduras.com\/?cat=1\" title=\"Sin categor\u00eda\">Sin categor\u00eda<\/a>\n\t\t<\/span><span class=\"aioseo-breadcrumb-separator\">\u00bb<\/span><span class=\"aioseo-breadcrumb\">\n\t\t\tAHM Y PROCINCO ABORDAN LA SALUD MENTAL EN EL SEGUNDO EPISODIO DE \u201cPROACTIVOS\u201d\n\t\t<\/span><\/div>","aioseo_breadcrumb_json":[{"label":"Home","link":"https:\/\/ahm-honduras.com"},{"label":"Sin categor\u00eda","link":"https:\/\/ahm-honduras.com\/?cat=1"},{"label":"AHM Y PROCINCO ABORDAN LA SALUD MENTAL EN EL SEGUNDO EPISODIO DE \u201cPROACTIVOS\u201d","link":"https:\/\/ahm-honduras.com\/?p=14645"}],"_links":{"self":[{"href":"https:\/\/ahm-honduras.com\/index.php?rest_route=\/wp\/v2\/posts\/14645","targetHints":{"allow":["GET"]}}],"collection":[{"href":"https:\/\/ahm-honduras.com\/index.php?rest_route=\/wp\/v2\/posts"}],"about":[{"href":"https:\/\/ahm-honduras.com\/index.php?rest_route=\/wp\/v2\/types\/post"}],"author":[{"embeddable":true,"href":"https:\/\/ahm-honduras.com\/index.php?rest_route=\/wp\/v2\/users\/5"}],"replies":[{"embeddable":true,"href":"https:\/\/ahm-honduras.com\/index.php?rest_route=%2Fwp%2Fv2%2Fcomments&post=14645"}],"version-history":[{"count":2,"href":"https:\/\/ahm-honduras.com\/index.php?rest_route=\/wp\/v2\/posts\/14645\/revisions"}],"predecessor-version":[{"id":14652,"href":"https:\/\/ahm-honduras.com\/index.php?rest_route=\/wp\/v2\/posts\/14645\/revisions\/14652"}],"wp:featuredmedia":[{"embeddable":true,"href":"https:\/\/ahm-honduras.com\/index.php?rest_route=\/wp\/v2\/media\/14646"}],"wp:attachment":[{"href":"https:\/\/ahm-honduras.com\/index.php?rest_route=%2Fwp%2Fv2%2Fmedia&parent=14645"}],"wp:term":[{"taxonomy":"category","embeddable":true,"href":"https:\/\/ahm-honduras.com\/index.php?rest_route=%2Fwp%2Fv2%2Fcategories&post=14645"},{"taxonomy":"post_tag","embeddable":true,"href":"https:\/\/ahm-honduras.com\/index.php?rest_route=%2Fwp%2Fv2%2Ftags&post=14645"}],"curies":[{"name":"wp","href":"https:\/\/api.w.org\/{rel}","templated":true}]}}