{"id":14325,"date":"2026-03-18T16:56:07","date_gmt":"2026-03-18T16:56:07","guid":{"rendered":"https:\/\/ahm-honduras.com\/?p=14325"},"modified":"2026-03-18T16:56:07","modified_gmt":"2026-03-18T16:56:07","slug":"ahm-y-procinco-lanzan-proactivos-un-nuevo-podcast-enfocado-en-el-talento-que-impulsa-la-productividad","status":"publish","type":"post","link":"https:\/\/ahm-honduras.com\/?p=14325","title":{"rendered":"AHM Y PROCINCO LANZAN \u201cPROACTIVOS\u201d, UN NUEVO PODCAST ENFOCADO EN EL TALENTO QUE IMPULSA LA PRODUCTIVIDAD"},"content":{"rendered":"<p>La Asociaci\u00f3n Hondure\u00f1a de Maquiladores (AHM), a trav\u00e9s de su programa PROCINCO, anunci\u00f3 el lanzamiento de \u201cProActivos\u201d, un nuevo espacio de conversaci\u00f3n orientado a visibilizar experiencias reales de crecimiento, transformaci\u00f3n y desarrollo del talento humano dentro de las organizaciones del sector.<\/p>\n<p>El estreno del podcast se realiz\u00f3 con su Episodio 1, titulado \u201cProActivos: Historias que transforman\u201d,\u00a0este\u00a0martes 17 de marzo, de 3:00 a 4:00 pm, y cont\u00f3 con la participaci\u00f3n de la ingeniera Nela Luc\u00eda Romero, profesional del \u00e1rea industrial y actual Coordinadora de Capacitaci\u00f3n en la planta Southern Apparel, Grupo Tegra.<\/p>\n<p>Romero cuenta adem\u00e1s con una Maestr\u00eda en Direcci\u00f3n en Recursos Humanos por la UTH y una trayectoria vinculada a la productividad, la ingenier\u00eda de procesos y la calidad, por lo que su participaci\u00f3n aportar\u00e1 una visi\u00f3n pr\u00e1ctica sobre c\u00f3mo la formaci\u00f3n y el desarrollo de capacidades impactan positivamente el desempe\u00f1o organizacional.<\/p>\n<p>Con esta nueva propuesta, PROCINCO busca abrir un canal de contenido que conecte con colaboradores, l\u00edderes y empresas a trav\u00e9s de historias aut\u00e9nticas que reflejen el valor de la capacitaci\u00f3n como motor de productividad, seguridad, mejora continua, emprendimiento y clima laboral.<\/p>\n<p>El nombre \u201cProActivos\u201d responde a una construcci\u00f3n estrat\u00e9gica de marca que combina identidad, prop\u00f3sito y aspiraci\u00f3n. Por un lado, el prefijo \u201cPRO\u201d genera una vinculaci\u00f3n natural con PROCINCO, fortaleciendo el reconocimiento del programa. Por otro, el concepto de proactividad remite a una de las habilidades blandas m\u00e1s valoradas en la industria maquiladora y manufacturera: la capacidad de anticiparse, proponer, mejorar y avanzar.<\/p>\n<p>Asimismo, el t\u00e9rmino \u201cActivos\u201d aporta un doble significado. En su dimensi\u00f3n humana, representa a personas din\u00e1micas, con iniciativa y compromiso. En su dimensi\u00f3n empresarial, refuerza la idea de que el talento humano capacitado constituye uno de los activos m\u00e1s valiosos para las organizaciones, especialmente en un entorno donde la competitividad depende cada vez m\u00e1s del conocimiento, la adaptabilidad y la mejora continua.<\/p>\n<p>M\u00e1s que un nombre, ProActivos se plantea como un llamado a la acci\u00f3n: una invitaci\u00f3n a salir de la pasividad, activarse y asumir el aprendizaje como una herramienta para crecer personal y profesionalmente. En coherencia con ese enfoque, el podcast nace como una plataforma para compartir contenidos que inspiren, formen y fortalezcan la cultura de desarrollo dentro del sector.<\/p>\n<p>La propuesta de valor del proyecto tambi\u00e9n se refleja en su l\u00ednea conceptual, orientada a destacar que el talento no solo transforma procesos, sino que impulsa resultados sostenibles para las personas y las empresas. Bajo esa visi\u00f3n, ProActivos se perfila como un nuevo punto de encuentro para reconocer historias que demuestran que detr\u00e1s de cada avance productivo hay personas que deciden prepararse, aportar y evolucionar.<\/p>\n","protected":false},"excerpt":{"rendered":"<p>La Asociaci\u00f3n Hondure\u00f1a de Maquiladores (AHM), a trav\u00e9s de su programa PROCINCO, anunci\u00f3 el lanzamiento de \u201cProActivos\u201d, un nuevo espacio de conversaci\u00f3n orientado a visibilizar experiencias reales de crecimiento, transformaci\u00f3n y desarrollo del talento humano dentro de las organizaciones del sector. El estreno del podcast se realiz\u00f3 con su Episodio 1, titulado \u201cProActivos: Historias que&#8230; <a class=\"read-more\" href=\"https:\/\/ahm-honduras.com\/?p=14325\"> READ MORE<\/a><\/p>\n","protected":false},"author":5,"featured_media":14326,"comment_status":"open","ping_status":"open","sticky":false,"template":"","format":"gallery","meta":{"inline_featured_image":false,"footnotes":""},"categories":[91,99,97],"tags":[],"class_list":["post-14325","post","type-post","status-publish","format-gallery","has-post-thumbnail","hentry","category-industria-activa","category-manufactura-hondurena","category-maquila-honduras","post_format-post-format-gallery"],"aioseo_notices":[],"_links":{"self":[{"href":"https:\/\/ahm-honduras.com\/index.php?rest_route=\/wp\/v2\/posts\/14325","targetHints":{"allow":["GET"]}}],"collection":[{"href":"https:\/\/ahm-honduras.com\/index.php?rest_route=\/wp\/v2\/posts"}],"about":[{"href":"https:\/\/ahm-honduras.com\/index.php?rest_route=\/wp\/v2\/types\/post"}],"author":[{"embeddable":true,"href":"https:\/\/ahm-honduras.com\/index.php?rest_route=\/wp\/v2\/users\/5"}],"replies":[{"embeddable":true,"href":"https:\/\/ahm-honduras.com\/index.php?rest_route=%2Fwp%2Fv2%2Fcomments&post=14325"}],"version-history":[{"count":1,"href":"https:\/\/ahm-honduras.com\/index.php?rest_route=\/wp\/v2\/posts\/14325\/revisions"}],"predecessor-version":[{"id":14332,"href":"https:\/\/ahm-honduras.com\/index.php?rest_route=\/wp\/v2\/posts\/14325\/revisions\/14332"}],"wp:featuredmedia":[{"embeddable":true,"href":"https:\/\/ahm-honduras.com\/index.php?rest_route=\/wp\/v2\/media\/14326"}],"wp:attachment":[{"href":"https:\/\/ahm-honduras.com\/index.php?rest_route=%2Fwp%2Fv2%2Fmedia&parent=14325"}],"wp:term":[{"taxonomy":"category","embeddable":true,"href":"https:\/\/ahm-honduras.com\/index.php?rest_route=%2Fwp%2Fv2%2Fcategories&post=14325"},{"taxonomy":"post_tag","embeddable":true,"href":"https:\/\/ahm-honduras.com\/index.php?rest_route=%2Fwp%2Fv2%2Ftags&post=14325"}],"curies":[{"name":"wp","href":"https:\/\/api.w.org\/{rel}","templated":true}]}}