{"id":14234,"date":"2026-03-03T16:04:11","date_gmt":"2026-03-03T16:04:11","guid":{"rendered":"https:\/\/ahm-honduras.com\/?p=14234"},"modified":"2026-03-03T17:16:06","modified_gmt":"2026-03-03T17:16:06","slug":"ahm-celebra-su-xxxiii-asamblea-general-ordinaria-y-elige-nueva-junta-directiva-para-el-periodo-2026-2028","status":"publish","type":"post","link":"https:\/\/ahm-honduras.com\/?p=14234","title":{"rendered":"AHM CELEBRA SU XXXIII ASAMBLEA GENERAL ORDINARIA Y ELIGE NUEVA JUNTA DIRECTIVA PARA EL PER\u00cdODO 2026-2028"},"content":{"rendered":"\r\n\r\n\r\n<p class=\"wp-block-paragraph\">La Asociaci\u00f3n Hondure\u00f1a de Maquiladores (AHM) celebr\u00f3 el viernes 27 de febrero de 2026 su trig\u00e9sima tercera asamblea general anual ordinaria, en el sal\u00f3n El Tejedor de sus instalaciones, con la participaci\u00f3n debidamente acreditada de las empresas afiliadas.<\/p>\r\n\r\n\r\n\r\n<p class=\"wp-block-paragraph\">Durante la sesi\u00f3n se guard\u00f3 un minuto de silencio en memoria del se\u00f1or Nicol\u00e1s Chah\u00edn, quien fue miembro de la Junta Directiva por varios a\u00f1os.<\/p>\r\n\r\n\r\n\r\n<p class=\"wp-block-paragraph\">En su informe de Presidencia, el ingeniero Daniel Facuss\u00e9 destac\u00f3 que 2025 fue un a\u00f1o retador para la industria maquiladora, en continuidad con un per\u00edodo de cuatro a\u00f1os marcados por desaf\u00edos econ\u00f3micos, regulatorios y comerciales, tanto a nivel nacional como internacional.<\/p>\r\n\r\n\r\n\r\n\r\n\r\n<p class=\"wp-block-paragraph\">Facuss\u00e9 tambi\u00e9n destac\u00f3 como prioridad el desarrollo de un proyecto integral de atracci\u00f3n de inversi\u00f3n, orientada a posicionar a Honduras como destino competitivo para la manufactura. Subray\u00f3 que la estrategia buscar\u00e1 atraer inversiones que generen empleo en diversas ramas productivas, m\u00e1s all\u00e1 del sector textil, incluyendo arneses, muebles y otras industrias afiliadas.<\/p>\r\n\r\n\r\n\r\n<p class=\"wp-block-paragraph\"><strong>Elecci\u00f3n y juramentaci\u00f3n de la nueva Junta Directiva<\/strong><\/p>\r\n\r\n\r\n\r\n<p class=\"wp-block-paragraph\">Como parte de la agenda, la asamblea eligi\u00f3 por unanimidad la Junta Directiva que fungir\u00e1 del 1 de marzo de 2026 al 29 de febrero de 2028, quedando conformada de la siguiente manera:<\/p>\r\n\r\n\r\n\r\n<ul class=\"wp-block-list\">\r\n<li>Presidente: Daniel Facuss\u00e9<\/li>\r\n\r\n\r\n\r\n<li>Vicepresidenta: Claudia Sandoval<\/li>\r\n\r\n\r\n\r\n<li>Secretario: Werner Oberholzer<\/li>\r\n\r\n\r\n\r\n<li>Tesorero: Fernando \u00c1lvarez<\/li>\r\n\r\n\r\n\r\n<li>Fiscal: Jos\u00e9 Molina<\/li>\r\n\r\n\r\n\r\n<li>Vocales: Jes\u00fas Canahuati, Jacobo Kattan, Juan Carlos Contreras, Edward Bardales y Oscar D\u00edaz<\/li>\r\n\r\n\r\n\r\n<li>Suplentes: Fernando Jaar, Gustavo Raudales, Jason Hawit, Guillermo Bendeck y Jacobo Kafati<\/li>\r\n\r\n\r\n\r\n<li>Asesores: Roberto Leiva, Mario Canahuati, F\u00e9lix Mahomar, Junio Marsan, Israel Salinas y Alan Larach<\/li>\r\n<\/ul>\r\n\r\n\r\n\r\n<p class=\"wp-block-paragraph\">La nueva Junta Directiva fue juramentada por Jos\u00e9 Molina, en su calidad de Fiscal, quien tom\u00f3 la promesa de ley a los directores electos. Finalmente, el presidente Daniel Facuss\u00e9 reafirm\u00f3 el compromiso institucional de la AHM con la competitividad, la inversi\u00f3n y el fortalecimiento del sector manufacturero hondure\u00f1o.<\/p>\r\n\r\n\r\n\r\n<p class=\"wp-block-paragraph\">&nbsp;<\/p>\r\n","protected":false},"excerpt":{"rendered":"<p>La Asociaci\u00f3n Hondure\u00f1a de Maquiladores (AHM) celebr\u00f3 el viernes 27 de febrero de 2026 su trig\u00e9sima tercera asamblea general anual ordinaria, en el sal\u00f3n El Tejedor de sus instalaciones, con la participaci\u00f3n debidamente acreditada de las empresas afiliadas. Durante la sesi\u00f3n se guard\u00f3 un minuto de silencio en memoria del se\u00f1or Nicol\u00e1s Chah\u00edn, quien fue&#8230; <a class=\"read-more\" href=\"https:\/\/ahm-honduras.com\/?p=14234\"> READ MORE<\/a><\/p>\n","protected":false},"author":5,"featured_media":14240,"comment_status":"open","ping_status":"open","sticky":false,"template":"","format":"gallery","meta":{"inline_featured_image":false,"footnotes":""},"categories":[95,96,98,91,45,73,99,97],"tags":[],"class_list":["post-14234","post","type-post","status-publish","format-gallery","has-post-thumbnail","hentry","category-ahm","category-asociacion-hondurena-de-maquiladores","category-honduras-maquila","category-industria-activa","category-industria-textil","category-inversion","category-manufactura-hondurena","category-maquila-honduras","post_format-post-format-gallery"],"aioseo_notices":[],"aioseo_head":"\n\t\t<!-- All in One SEO 5.0.1.1 - aioseo.com -->\n\t<meta name=\"robots\" content=\"max-snippet:-1, max-image-preview:large, max-video-preview:-1\" \/>\n\t<meta name=\"author\" content=\"Am\u00e9rico Hern\u00e1ndez\"\/>\n\t<meta name=\"google-site-verification\" content=\"G-D69DD7P3L8\" \/>\n\t<link rel=\"canonical\" href=\"https:\/\/ahm-honduras.com\/?p=14234\" \/>\n\t<meta name=\"generator\" content=\"All in One SEO (AIOSEO) 5.0.1.1\" \/>\n\t\t<meta property=\"og:locale\" content=\"es_ES\" \/>\n\t\t<meta property=\"og:site_name\" content=\"Asociaci\u00f3n Hondure\u00f1a de Maquiladores | Impulsando el desarrollo del pa\u00eds\" \/>\n\t\t<meta property=\"og:type\" content=\"article\" \/>\n\t\t<meta property=\"og:title\" content=\"AHM CELEBRA SU XXXIII ASAMBLEA GENERAL ORDINARIA Y ELIGE NUEVA JUNTA DIRECTIVA PARA EL PER\u00cdODO 2026-2028 | Asociaci\u00f3n Hondure\u00f1a de Maquiladores\" \/>\n\t\t<meta property=\"og:url\" content=\"https:\/\/ahm-honduras.com\/?p=14234\" \/>\n\t\t<meta property=\"fb:admins\" content=\"567105135\" \/>\n\t\t<meta property=\"og:image\" content=\"https:\/\/ahm-honduras.com\/wp-content\/uploads\/2026\/03\/950e3791-bbd1-4277-bd34-a1311f89f2aa.jpg\" \/>\n\t\t<meta property=\"og:image:secure_url\" content=\"https:\/\/ahm-honduras.com\/wp-content\/uploads\/2026\/03\/950e3791-bbd1-4277-bd34-a1311f89f2aa.jpg\" \/>\n\t\t<meta property=\"og:image:width\" content=\"1600\" \/>\n\t\t<meta property=\"og:image:height\" content=\"1066\" \/>\n\t\t<meta property=\"article:published_time\" content=\"2026-03-03T16:04:11+00:00\" \/>\n\t\t<meta property=\"article:modified_time\" content=\"2026-03-03T17:16:06+00:00\" \/>\n\t\t<meta property=\"article:publisher\" content=\"https:\/\/facebook.com\/ahmaquiladores\" \/>\n\t\t<meta name=\"twitter:card\" content=\"summary\" \/>\n\t\t<meta name=\"twitter:site\" content=\"@ahmaquiladores\" \/>\n\t\t<meta name=\"twitter:title\" content=\"AHM CELEBRA SU XXXIII ASAMBLEA GENERAL ORDINARIA Y ELIGE NUEVA JUNTA DIRECTIVA PARA EL PER\u00cdODO 2026-2028 | Asociaci\u00f3n Hondure\u00f1a de Maquiladores\" \/>\n\t\t<meta name=\"twitter:image\" content=\"https:\/\/ahm-honduras.com\/wp-content\/uploads\/2026\/03\/950e3791-bbd1-4277-bd34-a1311f89f2aa.jpg\" \/>\n\t\t<script type=\"application\/ld+json\" class=\"aioseo-schema\">\n\t\t\t{\"@context\":\"https:\\\/\\\/schema.org\",\"@graph\":[{\"@type\":\"Article\",\"@id\":\"https:\\\/\\\/ahm-honduras.com\\\/?p=14234#article\",\"name\":\"AHM CELEBRA SU XXXIII ASAMBLEA GENERAL ORDINARIA Y ELIGE NUEVA JUNTA DIRECTIVA PARA EL PER\\u00cdODO 2026-2028 | Asociaci\\u00f3n Hondure\\u00f1a de Maquiladores\",\"headline\":\"AHM CELEBRA SU XXXIII ASAMBLEA GENERAL ORDINARIA Y ELIGE NUEVA JUNTA DIRECTIVA PARA EL PER\\u00cdODO 2026-2028\",\"author\":{\"@id\":\"https:\\\/\\\/ahm-honduras.com\\\/?author=5#author\"},\"publisher\":{\"@id\":\"https:\\\/\\\/ahm-honduras.com\\\/#organization\"},\"image\":{\"@type\":\"ImageObject\",\"url\":\"https:\\\/\\\/ahm-honduras.com\\\/wp-content\\\/uploads\\\/2026\\\/03\\\/950e3791-bbd1-4277-bd34-a1311f89f2aa.jpg\",\"width\":1600,\"height\":1066},\"datePublished\":\"2026-03-03T16:04:11+00:00\",\"dateModified\":\"2026-03-03T17:16:06+00:00\",\"inLanguage\":\"es-ES\",\"mainEntityOfPage\":{\"@id\":\"https:\\\/\\\/ahm-honduras.com\\\/?p=14234#webpage\"},\"isPartOf\":{\"@id\":\"https:\\\/\\\/ahm-honduras.com\\\/?p=14234#webpage\"},\"articleSection\":\"AHM, ASOCIACI\\u00d3N HONDURE\\u00d1A DE MAQUILADORES, HONDURAS MAQUILA, INDUSTRIA ACTIVA, Industria textil, Inversi\\u00f3n, MANUFACTURA HONDURE\\u00d1A, MAQUILA HONDURAS, Galer\\u00eda\"},{\"@type\":\"BreadcrumbList\",\"@id\":\"https:\\\/\\\/ahm-honduras.com\\\/?p=14234#breadcrumblist\",\"itemListElement\":[{\"@type\":\"ListItem\",\"@id\":\"https:\\\/\\\/ahm-honduras.com#listItem\",\"position\":1,\"name\":\"Home\",\"item\":\"https:\\\/\\\/ahm-honduras.com\",\"nextItem\":{\"@type\":\"ListItem\",\"@id\":\"https:\\\/\\\/ahm-honduras.com\\\/?cat=45#listItem\",\"name\":\"Industria textil\"}},{\"@type\":\"ListItem\",\"@id\":\"https:\\\/\\\/ahm-honduras.com\\\/?cat=45#listItem\",\"position\":2,\"name\":\"Industria textil\",\"item\":\"https:\\\/\\\/ahm-honduras.com\\\/?cat=45\",\"nextItem\":{\"@type\":\"ListItem\",\"@id\":\"https:\\\/\\\/ahm-honduras.com\\\/?p=14234#listItem\",\"name\":\"AHM CELEBRA SU XXXIII ASAMBLEA GENERAL ORDINARIA Y ELIGE NUEVA JUNTA DIRECTIVA PARA EL PER\\u00cdODO 2026-2028\"},\"previousItem\":{\"@type\":\"ListItem\",\"@id\":\"https:\\\/\\\/ahm-honduras.com#listItem\",\"name\":\"Home\"}},{\"@type\":\"ListItem\",\"@id\":\"https:\\\/\\\/ahm-honduras.com\\\/?p=14234#listItem\",\"position\":3,\"name\":\"AHM CELEBRA SU XXXIII ASAMBLEA GENERAL ORDINARIA Y ELIGE NUEVA JUNTA DIRECTIVA PARA EL PER\\u00cdODO 2026-2028\",\"previousItem\":{\"@type\":\"ListItem\",\"@id\":\"https:\\\/\\\/ahm-honduras.com\\\/?cat=45#listItem\",\"name\":\"Industria textil\"}}]},{\"@type\":\"Organization\",\"@id\":\"https:\\\/\\\/ahm-honduras.com\\\/#organization\",\"name\":\"Asociaci\\u00f3n Hondure\\u00f1a de Maquiladores\",\"description\":\"Private non-profit association representing Honduras' manufacturing and textile export industry. Legal advisory, technical training, occupational safety and social compliance for member companies.\",\"url\":\"https:\\\/\\\/ahm-honduras.com\\\/\",\"email\":\"servicioalcliente@ahm-honduras.com\",\"telephone\":\"+50425169100\",\"logo\":{\"@type\":\"ImageObject\",\"url\":\"https:\\\/\\\/ahm-honduras.com\\\/wp-content\\\/uploads\\\/2021\\\/09\\\/37663833_1823894340979890_491269667965370368_n.png\",\"@id\":\"https:\\\/\\\/ahm-honduras.com\\\/?p=14234\\\/#organizationLogo\",\"width\":400,\"height\":400},\"image\":{\"@id\":\"https:\\\/\\\/ahm-honduras.com\\\/?p=14234\\\/#organizationLogo\"},\"sameAs\":[\"https:\\\/\\\/instagram.com\\\/ahmaquiladores\",\"https:\\\/\\\/www.tiktok.com\\\/@ahmaquiladores\",\"https:\\\/\\\/www.youtube.com\\\/ahmaquiladores\",\"https:\\\/\\\/www.linkedin.com\\\/company\\\/AHMaquiladores\"]},{\"@type\":\"Person\",\"@id\":\"https:\\\/\\\/ahm-honduras.com\\\/?author=5#author\",\"url\":\"https:\\\/\\\/ahm-honduras.com\\\/?author=5\",\"name\":\"Am\\u00e9rico Hern\\u00e1ndez\"},{\"@type\":\"WebPage\",\"@id\":\"https:\\\/\\\/ahm-honduras.com\\\/?p=14234#webpage\",\"url\":\"https:\\\/\\\/ahm-honduras.com\\\/?p=14234\",\"name\":\"AHM CELEBRA SU XXXIII ASAMBLEA GENERAL ORDINARIA Y ELIGE NUEVA JUNTA DIRECTIVA PARA EL PER\\u00cdODO 2026-2028 | Asociaci\\u00f3n Hondure\\u00f1a de Maquiladores\",\"inLanguage\":\"es-ES\",\"isPartOf\":{\"@id\":\"https:\\\/\\\/ahm-honduras.com\\\/#website\"},\"breadcrumb\":{\"@id\":\"https:\\\/\\\/ahm-honduras.com\\\/?p=14234#breadcrumblist\"},\"author\":{\"@id\":\"https:\\\/\\\/ahm-honduras.com\\\/?author=5#author\"},\"creator\":{\"@id\":\"https:\\\/\\\/ahm-honduras.com\\\/?author=5#author\"},\"image\":{\"@type\":\"ImageObject\",\"url\":\"https:\\\/\\\/ahm-honduras.com\\\/wp-content\\\/uploads\\\/2026\\\/03\\\/950e3791-bbd1-4277-bd34-a1311f89f2aa.jpg\",\"@id\":\"https:\\\/\\\/ahm-honduras.com\\\/?p=14234\\\/#mainImage\",\"width\":1600,\"height\":1066},\"primaryImageOfPage\":{\"@id\":\"https:\\\/\\\/ahm-honduras.com\\\/?p=14234#mainImage\"},\"datePublished\":\"2026-03-03T16:04:11+00:00\",\"dateModified\":\"2026-03-03T17:16:06+00:00\"},{\"@type\":\"WebSite\",\"@id\":\"https:\\\/\\\/ahm-honduras.com\\\/#website\",\"url\":\"https:\\\/\\\/ahm-honduras.com\\\/\",\"name\":\"Asociaci\\u00f3n Hondure\\u00f1a de Maquiladores | Honduran Manufacturers Association\",\"alternateName\":\"AHMaquiladores\",\"description\":\"Impulsando el desarrollo del pa\\u00eds\",\"inLanguage\":\"es-ES\",\"publisher\":{\"@id\":\"https:\\\/\\\/ahm-honduras.com\\\/#organization\"}}]}\n\t\t<\/script>\n\t\t<!-- All in One SEO -->\n\n","aioseo_head_json":{"title":"AHM CELEBRA SU XXXIII ASAMBLEA GENERAL ORDINARIA Y ELIGE NUEVA JUNTA DIRECTIVA PARA EL PER\u00cdODO 2026-2028 | Asociaci\u00f3n Hondure\u00f1a de Maquiladores","description":"","canonical_url":"https:\/\/ahm-honduras.com\/?p=14234","robots":"max-snippet:-1, max-image-preview:large, max-video-preview:-1","keywords":"","webmasterTools":{"google-site-verification":"G-D69DD7P3L8","miscellaneous":""},"schema":{"@context":"https:\/\/schema.org","@graph":[{"@type":"Article","@id":"https:\/\/ahm-honduras.com\/?p=14234#article","name":"AHM CELEBRA SU XXXIII ASAMBLEA GENERAL ORDINARIA Y ELIGE NUEVA JUNTA DIRECTIVA PARA EL PER\u00cdODO 2026-2028 | Asociaci\u00f3n Hondure\u00f1a de Maquiladores","headline":"AHM CELEBRA SU XXXIII ASAMBLEA GENERAL ORDINARIA Y ELIGE NUEVA JUNTA DIRECTIVA PARA EL PER\u00cdODO 2026-2028","author":{"@id":"https:\/\/ahm-honduras.com\/?author=5#author"},"publisher":{"@id":"https:\/\/ahm-honduras.com\/#organization"},"image":{"@type":"ImageObject","url":"https:\/\/ahm-honduras.com\/wp-content\/uploads\/2026\/03\/950e3791-bbd1-4277-bd34-a1311f89f2aa.jpg","width":1600,"height":1066},"datePublished":"2026-03-03T16:04:11+00:00","dateModified":"2026-03-03T17:16:06+00:00","inLanguage":"es-ES","mainEntityOfPage":{"@id":"https:\/\/ahm-honduras.com\/?p=14234#webpage"},"isPartOf":{"@id":"https:\/\/ahm-honduras.com\/?p=14234#webpage"},"articleSection":"AHM, ASOCIACI\u00d3N HONDURE\u00d1A DE MAQUILADORES, HONDURAS MAQUILA, INDUSTRIA ACTIVA, Industria textil, Inversi\u00f3n, MANUFACTURA HONDURE\u00d1A, MAQUILA HONDURAS, Galer\u00eda"},{"@type":"BreadcrumbList","@id":"https:\/\/ahm-honduras.com\/?p=14234#breadcrumblist","itemListElement":[{"@type":"ListItem","@id":"https:\/\/ahm-honduras.com#listItem","position":1,"name":"Home","item":"https:\/\/ahm-honduras.com","nextItem":{"@type":"ListItem","@id":"https:\/\/ahm-honduras.com\/?cat=45#listItem","name":"Industria textil"}},{"@type":"ListItem","@id":"https:\/\/ahm-honduras.com\/?cat=45#listItem","position":2,"name":"Industria textil","item":"https:\/\/ahm-honduras.com\/?cat=45","nextItem":{"@type":"ListItem","@id":"https:\/\/ahm-honduras.com\/?p=14234#listItem","name":"AHM CELEBRA SU XXXIII ASAMBLEA GENERAL ORDINARIA Y ELIGE NUEVA JUNTA DIRECTIVA PARA EL PER\u00cdODO 2026-2028"},"previousItem":{"@type":"ListItem","@id":"https:\/\/ahm-honduras.com#listItem","name":"Home"}},{"@type":"ListItem","@id":"https:\/\/ahm-honduras.com\/?p=14234#listItem","position":3,"name":"AHM CELEBRA SU XXXIII ASAMBLEA GENERAL ORDINARIA Y ELIGE NUEVA JUNTA DIRECTIVA PARA EL PER\u00cdODO 2026-2028","previousItem":{"@type":"ListItem","@id":"https:\/\/ahm-honduras.com\/?cat=45#listItem","name":"Industria textil"}}]},{"@type":"Organization","@id":"https:\/\/ahm-honduras.com\/#organization","name":"Asociaci\u00f3n Hondure\u00f1a de Maquiladores","description":"Private non-profit association representing Honduras' manufacturing and textile export industry. Legal advisory, technical training, occupational safety and social compliance for member companies.","url":"https:\/\/ahm-honduras.com\/","email":"servicioalcliente@ahm-honduras.com","telephone":"+50425169100","logo":{"@type":"ImageObject","url":"https:\/\/ahm-honduras.com\/wp-content\/uploads\/2021\/09\/37663833_1823894340979890_491269667965370368_n.png","@id":"https:\/\/ahm-honduras.com\/?p=14234\/#organizationLogo","width":400,"height":400},"image":{"@id":"https:\/\/ahm-honduras.com\/?p=14234\/#organizationLogo"},"sameAs":["https:\/\/instagram.com\/ahmaquiladores","https:\/\/www.tiktok.com\/@ahmaquiladores","https:\/\/www.youtube.com\/ahmaquiladores","https:\/\/www.linkedin.com\/company\/AHMaquiladores"]},{"@type":"Person","@id":"https:\/\/ahm-honduras.com\/?author=5#author","url":"https:\/\/ahm-honduras.com\/?author=5","name":"Am\u00e9rico Hern\u00e1ndez"},{"@type":"WebPage","@id":"https:\/\/ahm-honduras.com\/?p=14234#webpage","url":"https:\/\/ahm-honduras.com\/?p=14234","name":"AHM CELEBRA SU XXXIII ASAMBLEA GENERAL ORDINARIA Y ELIGE NUEVA JUNTA DIRECTIVA PARA EL PER\u00cdODO 2026-2028 | Asociaci\u00f3n Hondure\u00f1a de Maquiladores","inLanguage":"es-ES","isPartOf":{"@id":"https:\/\/ahm-honduras.com\/#website"},"breadcrumb":{"@id":"https:\/\/ahm-honduras.com\/?p=14234#breadcrumblist"},"author":{"@id":"https:\/\/ahm-honduras.com\/?author=5#author"},"creator":{"@id":"https:\/\/ahm-honduras.com\/?author=5#author"},"image":{"@type":"ImageObject","url":"https:\/\/ahm-honduras.com\/wp-content\/uploads\/2026\/03\/950e3791-bbd1-4277-bd34-a1311f89f2aa.jpg","@id":"https:\/\/ahm-honduras.com\/?p=14234\/#mainImage","width":1600,"height":1066},"primaryImageOfPage":{"@id":"https:\/\/ahm-honduras.com\/?p=14234#mainImage"},"datePublished":"2026-03-03T16:04:11+00:00","dateModified":"2026-03-03T17:16:06+00:00"},{"@type":"WebSite","@id":"https:\/\/ahm-honduras.com\/#website","url":"https:\/\/ahm-honduras.com\/","name":"Asociaci\u00f3n Hondure\u00f1a de Maquiladores | Honduran Manufacturers Association","alternateName":"AHMaquiladores","description":"Impulsando el desarrollo del pa\u00eds","inLanguage":"es-ES","publisher":{"@id":"https:\/\/ahm-honduras.com\/#organization"}}]},"og:locale":"es_ES","og:site_name":"Asociaci\u00f3n Hondure\u00f1a de Maquiladores | Impulsando el desarrollo del pa\u00eds","og:type":"article","og:title":"AHM CELEBRA SU XXXIII ASAMBLEA GENERAL ORDINARIA Y ELIGE NUEVA JUNTA DIRECTIVA PARA EL PER\u00cdODO 2026-2028 | Asociaci\u00f3n Hondure\u00f1a de Maquiladores","og:url":"https:\/\/ahm-honduras.com\/?p=14234","fb:admins":"567105135","og:image":"https:\/\/ahm-honduras.com\/wp-content\/uploads\/2026\/03\/950e3791-bbd1-4277-bd34-a1311f89f2aa.jpg","og:image:secure_url":"https:\/\/ahm-honduras.com\/wp-content\/uploads\/2026\/03\/950e3791-bbd1-4277-bd34-a1311f89f2aa.jpg","og:image:width":1600,"og:image:height":1066,"article:published_time":"2026-03-03T16:04:11+00:00","article:modified_time":"2026-03-03T17:16:06+00:00","article:publisher":"https:\/\/facebook.com\/ahmaquiladores","twitter:card":"summary","twitter:site":"@ahmaquiladores","twitter:title":"AHM CELEBRA SU XXXIII ASAMBLEA GENERAL ORDINARIA Y ELIGE NUEVA JUNTA DIRECTIVA PARA EL PER\u00cdODO 2026-2028 | Asociaci\u00f3n Hondure\u00f1a de Maquiladores","twitter:image":"https:\/\/ahm-honduras.com\/wp-content\/uploads\/2026\/03\/950e3791-bbd1-4277-bd34-a1311f89f2aa.jpg"},"aioseo_meta_data":{"post_id":"14234","title":null,"description":null,"keywords":null,"keyphrases":{"focus":[],"additional":[]},"primary_term":null,"canonical_url":null,"og_title":null,"og_description":null,"og_object_type":"default","og_image_type":"default","og_image_url":null,"og_image_width":null,"og_image_height":null,"og_image_custom_url":null,"og_image_custom_fields":null,"og_video":"","og_custom_url":null,"og_article_section":null,"og_article_tags":null,"twitter_use_og":false,"twitter_card":"default","twitter_image_type":"default","twitter_image_url":null,"twitter_image_custom_url":null,"twitter_image_custom_fields":null,"twitter_title":null,"twitter_description":null,"schema":{"blockGraphs":[],"customGraphs":[],"default":{"data":{"Article":[],"Course":[],"Dataset":[],"FAQPage":[],"Movie":[],"Person":[],"Product":[],"ProductReview":[],"Car":[],"Recipe":[],"Service":[],"SoftwareApplication":[],"WebPage":[]},"graphName":"Article","isEnabled":true},"graphs":[]},"schema_type":"default","schema_type_options":null,"pillar_content":false,"robots_default":true,"robots_noindex":false,"robots_noarchive":false,"robots_nosnippet":false,"robots_nofollow":false,"robots_noimageindex":false,"robots_noodp":false,"robots_notranslate":false,"robots_max_snippet":"-1","robots_max_videopreview":"-1","robots_max_imagepreview":"large","priority":null,"frequency":"default","local_seo":null,"breadcrumb_settings":null,"limit_modified_date":false,"ai":{"faqs":[],"keyPoints":[],"titles":[],"descriptions":[],"socialPosts":{"email":[],"linkedin":[],"twitter":[],"facebook":[],"instagram":[]}},"created":"2026-03-03 15:40:04","updated":"2026-08-11 21:54:28","seo_analyzer_scan_date":null,"focus_keyword":null,"additional_keywords":null,"truseo_locale":null},"aioseo_breadcrumb":"<div class=\"aioseo-breadcrumbs\"><span class=\"aioseo-breadcrumb\">\n\t\t\t<a href=\"https:\/\/ahm-honduras.com\" title=\"Home\">Home<\/a>\n\t\t<\/span><span class=\"aioseo-breadcrumb-separator\">\u00bb<\/span><span class=\"aioseo-breadcrumb\">\n\t\t\t<a href=\"https:\/\/ahm-honduras.com\/?cat=45\" title=\"Industria textil\">Industria textil<\/a>\n\t\t<\/span><span class=\"aioseo-breadcrumb-separator\">\u00bb<\/span><span class=\"aioseo-breadcrumb\">\n\t\t\tAHM CELEBRA SU XXXIII ASAMBLEA GENERAL ORDINARIA Y ELIGE NUEVA JUNTA DIRECTIVA PARA EL PER\u00cdODO 2026-2028\n\t\t<\/span><\/div>","aioseo_breadcrumb_json":[{"label":"Home","link":"https:\/\/ahm-honduras.com"},{"label":"Industria textil","link":"https:\/\/ahm-honduras.com\/?cat=45"},{"label":"AHM CELEBRA SU XXXIII ASAMBLEA GENERAL ORDINARIA Y ELIGE NUEVA JUNTA DIRECTIVA PARA EL PER\u00cdODO 2026-2028","link":"https:\/\/ahm-honduras.com\/?p=14234"}],"_links":{"self":[{"href":"https:\/\/ahm-honduras.com\/index.php?rest_route=\/wp\/v2\/posts\/14234","targetHints":{"allow":["GET"]}}],"collection":[{"href":"https:\/\/ahm-honduras.com\/index.php?rest_route=\/wp\/v2\/posts"}],"about":[{"href":"https:\/\/ahm-honduras.com\/index.php?rest_route=\/wp\/v2\/types\/post"}],"author":[{"embeddable":true,"href":"https:\/\/ahm-honduras.com\/index.php?rest_route=\/wp\/v2\/users\/5"}],"replies":[{"embeddable":true,"href":"https:\/\/ahm-honduras.com\/index.php?rest_route=%2Fwp%2Fv2%2Fcomments&post=14234"}],"version-history":[{"count":2,"href":"https:\/\/ahm-honduras.com\/index.php?rest_route=\/wp\/v2\/posts\/14234\/revisions"}],"predecessor-version":[{"id":14270,"href":"https:\/\/ahm-honduras.com\/index.php?rest_route=\/wp\/v2\/posts\/14234\/revisions\/14270"}],"wp:featuredmedia":[{"embeddable":true,"href":"https:\/\/ahm-honduras.com\/index.php?rest_route=\/wp\/v2\/media\/14240"}],"wp:attachment":[{"href":"https:\/\/ahm-honduras.com\/index.php?rest_route=%2Fwp%2Fv2%2Fmedia&parent=14234"}],"wp:term":[{"taxonomy":"category","embeddable":true,"href":"https:\/\/ahm-honduras.com\/index.php?rest_route=%2Fwp%2Fv2%2Fcategories&post=14234"},{"taxonomy":"post_tag","embeddable":true,"href":"https:\/\/ahm-honduras.com\/index.php?rest_route=%2Fwp%2Fv2%2Ftags&post=14234"}],"curies":[{"name":"wp","href":"https:\/\/api.w.org\/{rel}","templated":true}]}}